{"id":3023,"date":"2025-08-22T17:56:21","date_gmt":"2025-08-22T17:56:21","guid":{"rendered":"https:\/\/epicstays.eu\/?p=3023"},"modified":"2025-08-22T17:56:42","modified_gmt":"2025-08-22T17:56:42","slug":"fra-fjallaskalum-til-arhysa-i-sloveniu-bylting-i-valkostagistingu","status":"publish","type":"post","link":"https:\/\/epicstays.eu\/is\/from-alpine-chalets-to-river-pods-slovenias-alternative-stays-revolution\/","title":{"rendered":"Fr\u00e1 fjallask\u00e1lum til \u00e1rsk\u00e1la: Byltingin \u00ed valfrj\u00e1lsum gistingu \u00ed Sl\u00f3ven\u00edu"},"content":{"rendered":"<p>Sl\u00f3ven\u00eda, sem er sta\u00f0sett milli Alpanna og Adr\u00edahafsins, hefur or\u00f0i\u00f0 a\u00f0 falinni gimsteini fyrir fer\u00f0alanga sem leita a\u00f0 meira en hef\u00f0bundinni h\u00f3telupplifun. Me\u00f0 \u00e1herslu \u00e1 sj\u00e1lfb\u00e6ra fer\u00f0a\u00fej\u00f3nustu og \u00f3svikna upplifun hefur landi\u00f0 or\u00f0i\u00f0 vitni a\u00f0 mikilli aukningu \u00ed valkostum vi\u00f0 gistingu \u2014 allt fr\u00e1 fjallask\u00e1lum \u00ed J\u00fal\u00edul\u00f6npunum til sumarh\u00fasa vi\u00f0 \u00e1na So\u010da (Framkv\u00e6mdastj\u00f3rn Evr\u00f3pusambandsins, 2020) (Fer\u00f0am\u00e1lanefnd Evr\u00f3pu, 2023).<\/p>\n<p>Heimild: <a href=\"https:\/\/commission.europa.eu\/strategy-and-policy\/priorities-2019-2024\/european-green-deal_en\">https:\/\/commission.europa.eu\/strategy-and-policy\/priorities-2019-2024\/european-green-deal_en<\/a><\/p>\n<p>Mynd 1: Fjallask\u00e1li<\/p>\n<p>Myndinneign: Rombon Chalet, Sl\u00f3ven\u00eda<\/p>\n<p>Um allt land hafa vistv\u00e6nar sm\u00e1h\u00fdsi, trj\u00e1h\u00fas, v\u00ednekruh\u00fas og l\u00faxusdvalarsta\u00f0ir noti\u00f0 vins\u00e6lda, \u00fear sem \u00feeir bj\u00f3\u00f0a gestum upp \u00e1 bl\u00f6ndu af \u00fe\u00e6gindum og \u00f3spilltri n\u00e1tt\u00faru Sl\u00f3ven\u00edu. D\u00e6mi um \u00feetta eru Chalet Ru\u0161ovec \u00ed fj\u00f6llunum og A-ramma sumarh\u00fas \u00ed So\u010da-dalnum. \u00deessar fyrirmyndir s\u00fdna hvernig byggingarlist og gestrisni sameinast sj\u00e1lfb\u00e6rni. Skuldbinding Sl\u00f3ven\u00edu vi\u00f0 sj\u00e1lfb\u00e6ra fer\u00f0a\u00fej\u00f3nustu n\u00e6r lengra en gistingu, \u00fear sem fj\u00f6lmargar vistv\u00e6nar af\u00fereyingar og upplifanir eru \u00ed bo\u00f0i fyrir gesti. G\u00f6ngulei\u00f0ir, hj\u00f3lrei\u00f0alei\u00f0ir og lei\u00f0sagnarg\u00f6ngur um n\u00e1tt\u00faruna gera fer\u00f0am\u00f6nnum kleift a\u00f0 sko\u00f0a fj\u00f6lbreytt landslag landsins og l\u00e1gmarka umhverfis\u00e1hrif s\u00edn. A\u00f0 auki bj\u00f3\u00f0a matarger\u00f0arupplifanir beint fr\u00e1 b\u00fdli og vinnustofur handverksf\u00f3lks \u00e1 sta\u00f0num upp \u00e1 t\u00e6kif\u00e6ri til menningarlegrar upplifunar og stu\u00f0nings \u00ed dreifb\u00fdlissamf\u00e9l\u00f6gum.<\/p>\n<p>Mynd 2: V\u00edngar\u00f0sb\u00fasta\u00f0ur \u00ed Dolenjska sv\u00e6\u00f0inu, Sl\u00f3ven\u00edu<\/p>\n<p>Mynd: <a href=\"https:\/\/www.slovenia.info\/en\/stories\/tourism-in-vineyard-cottages-the-perfect-vineyard-escape\">https:\/\/www.slovenia.info\/en\/stories\/tourism-in-vineyard-cottages-the-perfect-vineyard-escape<\/a><\/p>\n<p>Sl\u00edk gisting au\u00f0gar ekki a\u00f0eins fer\u00f0aupplifunina heldur endurl\u00edfgar einnig dreifb\u00fdli\u00f0. Skuldbinding Sl\u00f3ven\u00edu vi\u00f0 endurn\u00fdjanlega fer\u00f0a\u00fej\u00f3nustu gerir landi\u00f0 a\u00f0 lei\u00f0andi a\u00f0ila \u00e1 \u00feessu svi\u00f0i og b\u00fd\u00f0ur upp \u00e1 ver\u00f0m\u00e6ta l\u00e6rd\u00f3ma fyrir \u00f6nnur Evr\u00f3pusv\u00e6\u00f0i. (Fer\u00f0a\u00fej\u00f3nusta fr\u00e1 n\u00falli, 2021)<\/p>\n<p>Heimild: <a href=\"https:\/\/www.tourismfromzero.org\/en\/\">https:\/\/www.tourismfromzero.org\/en\/<\/a><\/p>\n<p>Mynd 3: Glamping Resort: Garden Village Bled, Sl\u00f3ven\u00eda<\/p>\n<p>Mynd: <a href=\"https:\/\/www.gardenvillagebled.com\/en\/\">https:\/\/www.gardenvillagebled.com\/en\/<\/a><\/p>\n<p>Hvernig hefur \u00f6nnur gisting \u00ed Sl\u00f3ven\u00edu \u00e1hrif \u00e1 hagkerfi heimamanna samanbori\u00f0 vi\u00f0 hef\u00f0bundin h\u00f3tel?<\/p>\n<p>\u00cd samanbur\u00f0i vi\u00f0 hef\u00f0bundin h\u00f3tel hafa valkostir \u00ed gistingu \u00ed Sl\u00f3ven\u00edu mikil \u00e1hrif \u00e1 hagkerfi heimamanna me\u00f0 \u00fev\u00ed a\u00f0 auka fj\u00f6lbreytni \u00ed fer\u00f0a\u00fej\u00f3nustu og skapa mismunandi efnahagsleg t\u00e6kif\u00e6ri. \u00deessi gisting, eins og sk\u00e1lar vi\u00f0 \u00e1 og fjallask\u00e1lar, stu\u00f0lar oft a\u00f0 beinni tengingu milli fer\u00f0amanna og heimamanna, sem getur auki\u00f0 efnahagsleg t\u00e6kif\u00e6ri \u00e1 sv\u00e6\u00f0um \u00fear sem fer\u00f0amenn eru minna fer\u00f0amenn. H\u00fan veitir sta\u00f0bundinn \u00e1vinning me\u00f0 \u00fev\u00ed a\u00f0 hvetja til \u00fatgjalda \u00ed n\u00e1l\u00e6gum fyrirt\u00e6kjum og stu\u00f0la a\u00f0 menningarlegri og umhverfislegri sj\u00e1lfb\u00e6rni.<\/p>\n<p>\u00de\u00f3 a\u00f0 hef\u00f0bundin h\u00f3tel s\u00e9u oft r\u00e1\u00f0andi \u00e1 \u00fe\u00e9ttb\u00fdlissv\u00e6\u00f0um og vins\u00e6lum fer\u00f0amannast\u00f6\u00f0um, la\u00f0a a\u00f0rar gistia\u00f0fer\u00f0ir a\u00f0 s\u00e9r gesti til dreifb\u00fdlis og fj\u00f6lbreyttari sv\u00e6\u00f0a, sem g\u00e6ti dreift efnahagslegum \u00e1vinningi jafnar um landi\u00f0. \u00deessi fj\u00f6lbreytni er \u00ed samr\u00e6mi vi\u00f0 v\u00ed\u00f0t\u00e6kari \u00fer\u00f3un \u00ed al\u00fej\u00f3\u00f0legri fer\u00f0a\u00fej\u00f3nustu, \u00fear sem vaxandi eftirspurn eftir einst\u00f6kum upplifunum hvetur til vaxtar \u00ed \u00f3hef\u00f0bundnum gistingu. \u00deessi \u00fer\u00f3un sty\u00f0ur vi\u00f0 sta\u00f0bundna s\u00f6lua\u00f0ila og handverksf\u00f3lk og stu\u00f0lar a\u00f0 \u00f6rhagfr\u00e6\u00f0ilegri \u00fer\u00f3un sem g\u00e6ti veri\u00f0 minna \u00e1berandi \u00e1 \u00fe\u00e9ttb\u00fdlissv\u00e6\u00f0um \u00fear sem st\u00f3r h\u00f3tel r\u00e1\u00f0a r\u00edkjum (Josimovi\u0107 o.fl., 2025).<\/p>\n<p>\u00dear a\u00f0 auki geta a\u00f0rar gistia\u00f0sta\u00f0ar a\u00f0lagast flj\u00f3tt breytingum \u00e1 kr\u00f6fum og \u00f3skum marka\u00f0arins og bo\u00f0i\u00f0 upp \u00e1 pers\u00f3nulegri og einstakari upplifun vegna minni e\u00f0lis s\u00edns og oft sj\u00e1lfst\u00e6\u00f0rar rekstrar. \u00deessi sveigjanleiki er \u00ed andst\u00f6\u00f0u vi\u00f0 hef\u00f0bundin h\u00f3tel, sem g\u00e6tu einbeitt s\u00e9r meira a\u00f0 st\u00f6\u00f0lu\u00f0um \u00fej\u00f3nustu og \u00fe\u00e6gindum til a\u00f0 \u00fej\u00f3na brei\u00f0um h\u00f3pi, oft tengd st\u00e6rri h\u00f3telke\u00f0jum (Provotorina o.fl., 2020).<\/p>\n<p>\u00deessir valkostir \u00ed gistista\u00f0um stu\u00f0la einnig verulega a\u00f0 sj\u00e1lfb\u00e6rnimarkmi\u00f0um me\u00f0 \u00fev\u00ed a\u00f0 nota orkusparandi h\u00f6nnun og stu\u00f0la a\u00f0 umhverfisv\u00e6num starfsh\u00e1ttum. \u00deessi \u00e1hersla h\u00f6f\u00f0ar ekki a\u00f0eins til umhverfisv\u00e6nna fer\u00f0amanna heldur hj\u00e1lpar einnig til vi\u00f0 a\u00f0 vi\u00f0halda n\u00e1tt\u00farulegu landslagi sem oft er lykilatri\u00f0i \u00ed a\u00f0dr\u00e1ttarafli Sl\u00f3ven\u00edu sem fer\u00f0amannasta\u00f0ar. H\u00f3tel, \u00fe\u00f3tt \u00feau tileinki s\u00e9r \u00ed auknum m\u00e6li sj\u00e1lfb\u00e6ra starfsh\u00e6tti, geta gert \u00fea\u00f0 \u00e1 st\u00e6rri skala en skortir stundum \u00fe\u00e1 n\u00e1nu samf\u00e9lags\u00fe\u00e1ttt\u00f6ku sem s\u00e9st hj\u00e1 minni, valkostum \u00ed gistista\u00f0um (Papallou o.fl., 2024).<\/p>\n<p>Almennt s\u00e9\u00f0, \u00fe\u00f3 a\u00f0 hef\u00f0bundin h\u00f3tel hafi veruleg og skipul\u00f6g\u00f0 \u00e1hrif \u00e1 hagkerfi sveitarf\u00e9laga, s\u00e9rstaklega \u00ed \u00fe\u00e9ttb\u00fdli og \u00e1 fr\u00e6gum fer\u00f0amannast\u00f6\u00f0um, \u00fe\u00e1 bj\u00f3\u00f0a valkostir \u00ed gistista\u00f0um \u00ed Sl\u00f3ven\u00edu upp \u00e1 vi\u00f0b\u00f3tar efnahagslegan kraft sem leggur \u00e1herslu \u00e1 \u00fe\u00e1ttt\u00f6ku \u00e1 sta\u00f0num, sj\u00e1lfb\u00e6ra starfsh\u00e6tti og landfr\u00e6\u00f0ilega dreifingu \u00e1vinnings af fer\u00f0a\u00fej\u00f3nustu.<\/p>\n<h2>Framlag Epic Stays til evr\u00f3pskrar fer\u00f0a\u00fej\u00f3nustu<\/h2>\n<p>Epic Stays au\u00f0veldar n\u00e1m \u00fevert \u00e1 landam\u00e6ri og tryggir a\u00f0 bestu starfsvenjur fr\u00e1 hverju landi s\u00e9u deilt og innleiddar um alla Evr\u00f3pu. Verkefni\u00f0 er \u00ed samr\u00e6mi vi\u00f0 markmi\u00f0 ESB um a\u00f0 efla a\u00f0ra gistingu me\u00f0 eftirfarandi h\u00e6tti:<br \/>\n\u2022 \u00dej\u00e1lfun og fr\u00e6\u00f0sla: A\u00f0 veita l\u00edtil og me\u00f0alst\u00f3r fyrirt\u00e6ki \u00feekkingu \u00e1 sj\u00e1lfb\u00e6rni, menningarfer\u00f0amennsku og stafr\u00e6nni umbreytingu. Sj\u00e1 kaflana um einingar og d\u00e6mis\u00f6gur.<br \/>\n\u2022 Tengslanet og samstarf: A\u00f0 skapa samevr\u00f3pskt samf\u00e9lag annarra gisti\u00fej\u00f3nustua\u00f0ila. Tengstu vi\u00f0 og taktu \u00fe\u00e1tt \u00ed bl\u00f6ndu\u00f0um r\u00e1\u00f0stefnum e\u00f0a n\u00e1mskei\u00f0um okkar.<br \/>\n\u2022 \u00der\u00f3un g\u00e6\u00f0a og sta\u00f0la: A\u00f0 efla samr\u00e6mi \u00ed fer\u00f0a\u00fej\u00f3nustu sem er \u00f3hef\u00f0bundin og fagna \u00fear me\u00f0 einst\u00f6kum \u00fej\u00f3\u00f0um.<\/p>\n<p><em>\u201cFj\u00f6lbreytileiki er styrkur evr\u00f3pskrar fer\u00f0a\u00fej\u00f3nustu. Me\u00f0 \u00fev\u00ed a\u00f0 l\u00e6ra hvert af \u00f6\u00f0ru sk\u00f6pum vi\u00f0 sj\u00e1lfb\u00e6rari og fj\u00f6lbreyttari fer\u00f0aupplifun.\u201d<\/em> Evr\u00f3pska fer\u00f0am\u00e1lanefndin.<\/p>\n<p>Sameiginleg lei\u00f0 a\u00f0 fram\u00farskarandi fer\u00f0a\u00fej\u00f3nustu. Hvert Evr\u00f3puland b\u00fd\u00f0ur upp \u00e1 einstaka og fj\u00f6lbreytta fer\u00f0a\u00fej\u00f3nustuupplifun, m\u00f3ta\u00f0a af menningarhef\u00f0um, stefnum\u00f3tun og sv\u00e6\u00f0isbundnum forgangsr\u00f6\u00f0un. Epic Stays tryggir a\u00f0 \u00feessar einst\u00f6ku a\u00f0fer\u00f0ir stu\u00f0li a\u00f0 h\u00e1g\u00e6\u00f0a, n\u00fdst\u00e1rlegri og sj\u00e1lfb\u00e6rri evr\u00f3pskri fer\u00f0a\u00fej\u00f3nustu.<\/p>\n<p><strong>Heimildir:<\/strong><\/p>\n<p>Josimovi\u0107, M., \u0106o\u0107kalo, D., Osmanovi\u0107, S., Cvjetkovi\u0107, M., &amp; Radivojevi\u0107, N. (2025). \u00c1hrif samkeppnis\u00fe\u00e1tta \u00e1 sj\u00e1lfb\u00e6ra vi\u00f0skipta\u00e1rangur \u00ed h\u00f3telgeiranum: Fr\u00e1 sj\u00f3narh\u00f3li skynjunar notenda h\u00f3tel\u00fej\u00f3nustu. <em>Sj\u00e1lfb\u00e6rni<\/em>, <em>17<\/em>(5), 2277. https:\/\/doi.org\/10.3390\/su17052277<\/p>\n<p>Papallou, E., Katafygiotou, M., &amp; Dimopoulos, T. (2024). Vaxandi sj\u00e1lfb\u00e6rni\u00fer\u00f3un \u00ed fer\u00f0a\u00fej\u00f3nustu: Samanbur\u00f0armat \u00e1 m\u00f6rgum h\u00f3telum og \u00farr\u00e6\u00f0um. <em>Sj\u00e1lfb\u00e6rni<\/em>, <em>16<\/em>(9), 3536. https:\/\/doi.org\/10.3390\/su16093536<\/p>\n<p>Provotorina, V., Kazmina, L., Makarenko, V., Petrenko, A. (2020). <em>\u00der\u00f3un h\u00f3telgeirans sem hluta af fer\u00f0a\u00fej\u00f3nustu \u00e1 sv\u00e6\u00f0inu<\/em> (bls. 20\u201332). Springer Nature Singapore. https:\/\/doi.org\/10.1007\/978-981-33-6208-6_3<\/p>","protected":false},"excerpt":{"rendered":"<p>Slovenia, nestled between the Alps and the Adriatic, has emerged as a hidden gem for travellers seeking more than standard hotel experiences. With its focus on sustainable tourism and authentic encounters, the country has seen a boom in alternative accommodation \u2014 from Alpine chalets in the Julian Alps to riverside pods along the So\u010da River [&hellip;]<\/p>\n","protected":false},"author":2,"featured_media":3024,"comment_status":"open","ping_status":"closed","sticky":false,"template":"","format":"standard","meta":{"_acf_changed":false,"inline_featured_image":false,"footnotes":""},"categories":[1],"tags":[],"class_list":["post-3023","post","type-post","status-publish","format-standard","has-post-thumbnail","hentry","category-blog"],"acf":[],"_links":{"self":[{"href":"https:\/\/epicstays.eu\/is\/wp-json\/wp\/v2\/posts\/3023","targetHints":{"allow":["GET"]}}],"collection":[{"href":"https:\/\/epicstays.eu\/is\/wp-json\/wp\/v2\/posts"}],"about":[{"href":"https:\/\/epicstays.eu\/is\/wp-json\/wp\/v2\/types\/post"}],"author":[{"embeddable":true,"href":"https:\/\/epicstays.eu\/is\/wp-json\/wp\/v2\/users\/2"}],"replies":[{"embeddable":true,"href":"https:\/\/epicstays.eu\/is\/wp-json\/wp\/v2\/comments?post=3023"}],"version-history":[{"count":2,"href":"https:\/\/epicstays.eu\/is\/wp-json\/wp\/v2\/posts\/3023\/revisions"}],"predecessor-version":[{"id":3027,"href":"https:\/\/epicstays.eu\/is\/wp-json\/wp\/v2\/posts\/3023\/revisions\/3027"}],"wp:featuredmedia":[{"embeddable":true,"href":"https:\/\/epicstays.eu\/is\/wp-json\/wp\/v2\/media\/3024"}],"wp:attachment":[{"href":"https:\/\/epicstays.eu\/is\/wp-json\/wp\/v2\/media?parent=3023"}],"wp:term":[{"taxonomy":"category","embeddable":true,"href":"https:\/\/epicstays.eu\/is\/wp-json\/wp\/v2\/categories?post=3023"},{"taxonomy":"post_tag","embeddable":true,"href":"https:\/\/epicstays.eu\/is\/wp-json\/wp\/v2\/tags?post=3023"}],"curies":[{"name":"wp","href":"https:\/\/api.w.org\/{rel}","templated":true}]}}